{"id":1975,"date":"2026-02-26T11:01:00","date_gmt":"2026-02-26T10:01:00","guid":{"rendered":"https:\/\/www.goednoe.at\/wordpress\/?p=1975"},"modified":"2026-03-30T13:00:56","modified_gmt":"2026-03-30T11:00:56","slug":"landesleitung-wahl-2026","status":"publish","type":"post","link":"https:\/\/www.goednoe.at\/wordpress\/landesleitung-wahl-2026\/","title":{"rendered":"LANDESLEITUNG-Wahl 2026"},"content":{"rendered":"\n<p class=\"has-medium-font-size\"><strong>Im Feber 2026 wurden die Landesleitung der Pensionisten G\u00d6D-N\u00d6 neu gew\u00e4hlt:<\/strong><br>Vorsitzender: Reg.Rat Josef <strong>Z\u00f6chmeister<\/strong>, MBA MPA<br>Vorsitzender Stellvertreter + Referentin f\u00fcr Rechtsfragen: Mag. Luise <strong>Gerstendorfer<\/strong><br>Vorsitzender Stellvertreter + Finanzreferent Stv: Reg.Rat Robert <strong>Isak<\/strong><br>Schriftf\u00fchrer Stv + Bildungsbeauftrage + BezVP Neunkirchen: Dipl. P\u00e4d. Hildegard <strong>Berger<\/strong><br>Schriftf\u00fchrer: Prof. Mag. Karl Heinz <strong>Berger<\/strong><br>Referentin f\u00fcr Steuerfragen + Rechnungskontrolle: Gisela <strong>F\u00fchrer<\/strong><br>Stv. Bildungsbeauftragte: Dipl P\u00e4d. Ines <strong>Kuranda<\/strong><br>Mitglied + BezVP Tulln: Walter <strong>Mayerhofer<\/strong><br>Referent f\u00fcr Organisation + BezVP Sankt P\u00f6lten: Josef <strong>Mitterlehner<\/strong><br>Referent f\u00fcr ASVG + Evidenz: Alois <strong>Pemmer<\/strong><br>Referentin f\u00fcr Frauen: Josefa <strong>Pointner<\/strong><br>Referent f\u00fcr Evidenz: Walter <strong>Preissl<\/strong><br>Referent f\u00fcr Gesundheitsfragen + BezVP Baden: OSR Dipl.P\u00e4d. Rudolf <strong>Rodinger<\/strong><br>Referent f\u00fcr Presse und \u00d6ffentlichkeitsarbeit: BR a.D. Reg. Rat Alfred <strong>Sch\u00f6ls<\/strong><br>Mitglied: Carola Spreitzer<br>Mitglied + BezVP G\u00e4nserndorf: Karl <strong>Stach<\/strong><br>Mitglied: Harald <strong>Sterle<\/strong><br>Referent Finanzen: Johann <strong>Werner<\/strong><br>Referent f\u00fcr Reiseservice: Dipl. P\u00e4d. Reg. Rat G\u00fcnter <strong>Wick<\/strong><br>Referent Konsumentenschutz + Rechnungskontrolle: Rudolf <strong>Winhofer<\/strong><br>Mitglied und Webmaster: Josef <strong>Hagendorfer<\/strong><br>Kooptiertes Mitglied: Karlheinz <strong>Fiedler<\/strong>, B.Ed<br>Kooptiertes Mitglied: G\u00fcnter <strong>Lameraner<\/strong><br>Kooptiertes Mitglied: Reg.Rat Peter <strong>Maschat<\/strong>, MAS<br>Kooptiertes Mitglied: Hofrat Wilhelm <strong>Waldner<\/strong><br>Kooptiertes Mitglied: Dr. Wolfgang <strong>Schweiger<\/strong>, MSc<\/p>\n\n\n\n<p class=\"has-medium-font-size\">Wir gratulieren recht herzlich hiezu.<\/p>\n\n\n\n<figure class=\"wp-block-image size-large\"><img data-opt-id=2026737598  fetchpriority=\"high\" decoding=\"async\" src=\"https:\/\/mlx6iuq9jbbn.i.optimole.com\/cb:RIpd.55f7a\/w:1024\/h:644\/q:mauto\/f:best\/https:\/\/www.goednoe.at\/wordpress\/wp-content\/uploads\/2026\/02\/DSC_3690-e1772118882189.jpg\" alt=\"\" class=\"wp-image-1989\"\/><\/figure>\n\n\n\n<p>v.l.n.r. ISAK, Z\u00d6CHMEISTER, GERSTENDORFER, DEISER, SEEBAUER,<\/p>\n\n\n\n<div class=\"wp-block-buttons is-content-justification-center is-layout-flex wp-container-core-buttons-is-layout-a89b3969 wp-block-buttons-is-layout-flex\">\n<div class=\"wp-block-button\"><a class=\"wp-block-button__link has-background-color-background-color has-background wp-element-button\" href=\"https:\/\/goednoe.at\/webnoe\/wahl2026\" target=\"_blank\" rel=\"noreferrer noopener nofollow\">weiter Fotos hier<\/a><\/div>\n<\/div>\n\n\n\n<p><\/p>\n","protected":false},"excerpt":{"rendered":"<p>Im Feber 2026 wurden die Landesleitung der Pensionisten G\u00d6D-N\u00d6 neu gew\u00e4hlt:Vorsitzender: Reg.Rat Josef Z\u00f6chmeister, MBA MPAVorsitzender Stellvertreter + Referentin f\u00fcr Rechtsfragen: Mag. Luise GerstendorferVorsitzender Stellvertreter + Finanzreferent Stv: Reg.Rat Robert IsakSchriftf\u00fchrer Stv + Bildungsbeauftrage + BezVP Neunkirchen: Dipl. P\u00e4d. Hildegard BergerSchriftf\u00fchrer: Prof. Mag. Karl Heinz BergerReferentin f\u00fcr Steuerfragen + Rechnungskontrolle: [&hellip;]<\/p>\n","protected":false},"author":1,"featured_media":1989,"comment_status":"closed","ping_status":"closed","sticky":false,"template":"","format":"standard","meta":{"footnotes":""},"categories":[1,12],"tags":[],"class_list":["post-1975","post","type-post","status-publish","format-standard","has-post-thumbnail","hentry","category-allgemein","category-news"],"_links":{"self":[{"href":"https:\/\/www.goednoe.at\/wordpress\/wp-json\/wp\/v2\/posts\/1975","targetHints":{"allow":["GET"]}}],"collection":[{"href":"https:\/\/www.goednoe.at\/wordpress\/wp-json\/wp\/v2\/posts"}],"about":[{"href":"https:\/\/www.goednoe.at\/wordpress\/wp-json\/wp\/v2\/types\/post"}],"author":[{"embeddable":true,"href":"https:\/\/www.goednoe.at\/wordpress\/wp-json\/wp\/v2\/users\/1"}],"replies":[{"embeddable":true,"href":"https:\/\/www.goednoe.at\/wordpress\/wp-json\/wp\/v2\/comments?post=1975"}],"version-history":[{"count":12,"href":"https:\/\/www.goednoe.at\/wordpress\/wp-json\/wp\/v2\/posts\/1975\/revisions"}],"predecessor-version":[{"id":2051,"href":"https:\/\/www.goednoe.at\/wordpress\/wp-json\/wp\/v2\/posts\/1975\/revisions\/2051"}],"wp:featuredmedia":[{"embeddable":true,"href":"https:\/\/www.goednoe.at\/wordpress\/wp-json\/wp\/v2\/media\/1989"}],"wp:attachment":[{"href":"https:\/\/www.goednoe.at\/wordpress\/wp-json\/wp\/v2\/media?parent=1975"}],"wp:term":[{"taxonomy":"category","embeddable":true,"href":"https:\/\/www.goednoe.at\/wordpress\/wp-json\/wp\/v2\/categories?post=1975"},{"taxonomy":"post_tag","embeddable":true,"href":"https:\/\/www.goednoe.at\/wordpress\/wp-json\/wp\/v2\/tags?post=1975"}],"curies":[{"name":"wp","href":"https:\/\/api.w.org\/{rel}","templated":true}]}}