{"id":2217,"date":"2026-04-23T20:08:15","date_gmt":"2026-04-23T18:08:15","guid":{"rendered":"https:\/\/www.goednoe.at\/wordpress\/?p=2217"},"modified":"2026-04-23T20:08:16","modified_gmt":"2026-04-23T18:08:16","slug":"eine-kurzinformation-zum-bevorstehenden-bundestag","status":"publish","type":"post","link":"https:\/\/www.goednoe.at\/wordpress\/eine-kurzinformation-zum-bevorstehenden-bundestag\/","title":{"rendered":"Eine Kurzinformation zum bevorstehenden Bundestag"},"content":{"rendered":"\n<p>Am 28. und 29. April findet der 19. ordentliche Bundestag im Seminar- und Veranstaltungszentrum Catamaran des \u00d6GB statt. Die \u00f6sterreichweiten Landestage wurden in den Bundesl\u00e4ndern bereits abgeschlossen. Dabei wurden 120 Delegierte gew\u00e4hlt, die nun die neue Bundesleitung w\u00e4hlen. Bei dieser Wahl werden eine Person als Vorsitzende:r und zwei Stellvertreter:innen gew\u00e4hlt.<br>Die Bundesleitung besteht aus 35 Mitgliedern und tagt dreimal im Jahr. Die erweiterte Bundesleitung besteht aus 50 Mitgliedern und tagt einmal im Jahr.<\/p>\n\n\n\n<p>Am Bundestag werden auch die Delegierten zur Landeskonferenz und zum Bundeskongress auf der Basis der Wahlvorschl\u00e4ge der in der BV 22 vertretenen Fraktionen FCG, FSG und UG\u00d6D gew\u00e4hlt. Beim Bundestag beraten die Delegierten au\u00dferdem \u00fcber die Antr\u00e4ge und fassen Beschl\u00fcsse dazu. Diese wurden zuvor bei den Landestagen angenommen und an die Bundesleitung \u00fcbermittelt. <br>Mit kollegialen Gr\u00fc\u00dfen<br>Johann B\u00fcchinger<\/p>\n\n\n\n<div class=\"wp-block-buttons is-layout-flex wp-block-buttons-is-layout-flex\">\n<div class=\"wp-block-button\"><a class=\"wp-block-button__link wp-element-button\" href=\"https:\/\/prolalei.penspower.at\/dokumente\/Publikationen\/2026\/42-45-GOED-3-2026-Pens.pdf\" target=\"_blank\" rel=\"noreferrer noopener nofollow\">weiter zu den Berichten aus den Bundesl\u00e4ndern.<\/a><\/div>\n<\/div>\n\n\n\n<p><\/p>\n","protected":false},"excerpt":{"rendered":"<p>Am 28. und 29. April findet der 19. ordentliche Bundestag im Seminar- und Veranstaltungszentrum Catamaran des \u00d6GB statt. Die \u00f6sterreichweiten Landestage wurden in den Bundesl\u00e4ndern bereits abgeschlossen. Dabei wurden 120 Delegierte gew\u00e4hlt, die nun die neue Bundesleitung w\u00e4hlen. Bei dieser Wahl werden eine Person als Vorsitzende:r und zwei Stellvertreter:innen gew\u00e4hlt.Die [&hellip;]<\/p>\n","protected":false},"author":1,"featured_media":2218,"comment_status":"closed","ping_status":"closed","sticky":false,"template":"","format":"standard","meta":{"footnotes":""},"categories":[12,48],"tags":[],"class_list":["post-2217","post","type-post","status-publish","format-standard","has-post-thumbnail","hentry","category-news","category-publikationen"],"_links":{"self":[{"href":"https:\/\/www.goednoe.at\/wordpress\/wp-json\/wp\/v2\/posts\/2217","targetHints":{"allow":["GET"]}}],"collection":[{"href":"https:\/\/www.goednoe.at\/wordpress\/wp-json\/wp\/v2\/posts"}],"about":[{"href":"https:\/\/www.goednoe.at\/wordpress\/wp-json\/wp\/v2\/types\/post"}],"author":[{"embeddable":true,"href":"https:\/\/www.goednoe.at\/wordpress\/wp-json\/wp\/v2\/users\/1"}],"replies":[{"embeddable":true,"href":"https:\/\/www.goednoe.at\/wordpress\/wp-json\/wp\/v2\/comments?post=2217"}],"version-history":[{"count":1,"href":"https:\/\/www.goednoe.at\/wordpress\/wp-json\/wp\/v2\/posts\/2217\/revisions"}],"predecessor-version":[{"id":2219,"href":"https:\/\/www.goednoe.at\/wordpress\/wp-json\/wp\/v2\/posts\/2217\/revisions\/2219"}],"wp:featuredmedia":[{"embeddable":true,"href":"https:\/\/www.goednoe.at\/wordpress\/wp-json\/wp\/v2\/media\/2218"}],"wp:attachment":[{"href":"https:\/\/www.goednoe.at\/wordpress\/wp-json\/wp\/v2\/media?parent=2217"}],"wp:term":[{"taxonomy":"category","embeddable":true,"href":"https:\/\/www.goednoe.at\/wordpress\/wp-json\/wp\/v2\/categories?post=2217"},{"taxonomy":"post_tag","embeddable":true,"href":"https:\/\/www.goednoe.at\/wordpress\/wp-json\/wp\/v2\/tags?post=2217"}],"curies":[{"name":"wp","href":"https:\/\/api.w.org\/{rel}","templated":true}]}}