{"id":2224,"date":"2026-04-24T09:39:00","date_gmt":"2026-04-24T07:39:00","guid":{"rendered":"https:\/\/www.goednoe.at\/wordpress\/?p=2224"},"modified":"2026-04-24T14:41:15","modified_gmt":"2026-04-24T12:41:15","slug":"gesundbleiben-durch-bewegung","status":"publish","type":"post","link":"https:\/\/www.goednoe.at\/wordpress\/gesundbleiben-durch-bewegung\/","title":{"rendered":"GESUNDBLEIBEN DURCH BEWEGUNG"},"content":{"rendered":"\n<p>Liebe Kollegin, lieber Kollege!<\/p>\n\n\n\n<p>Kollege Karlheinz Fiedler organisiert die 3. Wanderwoche im s\u00fcdlichen Waldviertel. <br><strong>Es sind noch ein paar Pl\u00e4tze frei.\u00a0<\/strong><br>N\u00e4here Infos im Anhang bzw bei Kollegen Fiedler. <a href=\"mailto:karlheinz.fiedler@goed.at\" target=\"_blank\" rel=\"noreferrer noopener\">karlheinz.fiedler@goed.at<\/a><\/p>\n\n\n\n<p><strong>GESUNDBLEIBEN DURCH BEWEGUNG:<\/strong><\/p>\n\n\n\n<p><strong>3. Wanderwoche im s\u00fcdlichen Waldviertel<\/strong><\/p>\n\n\n\n<p><strong>Mo., 18. bis Freitag, 22. Mai 2026<\/strong><\/p>\n\n\n\n<p>Das s\u00fcdliche Waldviertel, und da ganz besonders das Yspertal und seine Umgebung, ist f\u00fcr seine Wanderrouten durch weitl\u00e4ufige Waldungen mit interessanten Steinformationen ber\u00fchmt. Der H\u00f6henzug des Ostrong nach S\u00fcden und der Weinsberger Forst \u2013 das gr\u00f6\u00dfte zusammenh\u00e4ngende Waldgebiet \u00d6sterreichs &#8211; im Norden, wie die Tal\u00f6ffnungen der Ysper und Weiten zum Donautal \/ Nibelungengau bescheren dem Yspertal ein f\u00fcr das Waldviertel ungewohnt mildes Klima. Vom Talboden mit bei 460 H\u00f6henmeter erhebt sich die Mittelgebirgslandschaft bis auf \u00fcber 1000 m Seeh\u00f6he. Das Hochland des Weinberger Forsts, wie der Ostrong, besteht beides aus Urgestein Granit und Gneis und war in der Weltepoche der Thetis das h\u00f6chste Faltengebirge der Welt und vom Urmeer umsp\u00fclt.<\/p>\n\n\n\n<p>Wir werden diesmal besonders das Gebiet des K\u00f6nigwaldes, einem Teil des Weinberger Forsts, in der Begleitung von zwei wegkundigen Wanderleitern erwandern. Neben der Natursch\u00f6nheit der einzigartigen Landschaft werden wir die eine oder andere kulturhistorisch interessante F\u00fchrung erleben, die uns den Alltag von Damals und Hute nahebringen wird. Bei gen\u00fcgend Anmeldungen werden wir in zwei Gruppen die Tagestouren gehen. So soll den individuellen Gehleistungen der Teilnehmer Beachtung geschenkt werden. Bei den Ganztagestouren werden wir von einem Versorgungsmobil begleitet.<\/p>\n\n\n\n<p><strong>Folgenden Wanderungen sind geplant:<\/strong><\/p>\n\n\n\n<p><strong>1.Tag:<\/strong> Anreise bis 13:00 Uhr mit anschlie\u00dfendem Mittagessen. Danach Einf\u00fchrung ins Programm und erste Wanderung Hotel \u2013 Wakdkapelle \u2013 Geierstein \u2013 Puschachenkreuz- Hotel.<br><strong>2. Tag:<\/strong> Hotel \u2013 St. Oswald \/Friedenskreuz (650m) \u2013 Kr\u00e4utergarten \/ Mittagsrast \u2013 Gro\u00dfe Ysper \u2013 Maria Taferlsteig- Hotel<br><strong>3. Tag:<\/strong> Hotel \u2013 Tranfers \u2013 Kleine Yspertal \u2013 Holzhackerdorf- Dorfstetten \/ Kleines Yspertal \u2013 Imkerei- Mittagsrast &#8211; Ghf. Hofer\u2013 Schaus\u00e4gewerk \u2013 und Getreidem\u00fchle \u2013 Wiesenboden \u2013 Hotel<br><strong>4. Tag:<\/strong> Hotel \u2013 Waldkapelle \u2013 Panoramaweg (890m) &#8211; Ruine Wimburg &#8211; Pisching \u2013 Ghf. Krenn \/ Schnapsbrennerei \u2013 Perndlschmiede &#8211; Bustransfer zum Hotel<br><strong>5. Tag:<\/strong> Hotel \u2013 Surbichlkreuz (740m) \u2013 Am Brand \u2013 Walkersberg \u2013 Hotel: Mittagsrast \u2013 Abreise ( ca. ab 14:00 Uhr).<br>Programm\u00e4nderungen (wetterbedingt) vorbehalten.<\/p>\n\n\n\n<p>Gasthof Hotel \u201eZur Linde\u201c, 3683 Yspertal, Altenmarkt Hauptplatz 1<br>Email: <a href=\"mailto:willkoimmen@hotelzurlinde.at\">willkoimmen@hotelzurlinde.at<\/a>, &lt;tel.&lt;. 07415 7248<br>Kosten: HP 4 N\u00e4chtigungen, inkl. Mittgessen am Tag der Anreise, inkl. aller F\u00fchrungen \u20ac 412,&#8211;<\/p>\n\n\n\n<p>Anmeldungen: karlheinz.fiedler @goed.at<\/p>\n\n\n<div class=\"wp-block-image\">\n<figure class=\"aligncenter size-full is-resized\"><img data-opt-id=134751623  fetchpriority=\"high\" decoding=\"async\" width=\"532\" height=\"312\" src=\"https:\/\/mlx6iuq9jbbn.i.optimole.com\/cb:RIpd.55f7a\/w:auto\/h:auto\/q:mauto\/f:best\/https:\/\/www.goednoe.at\/wordpress\/wp-content\/uploads\/2026\/04\/Screenshot-2026-04-24-142645.png\" alt=\"\" class=\"wp-image-2228\" style=\"width:355px;height:auto\" srcset=\"https:\/\/mlx6iuq9jbbn.i.optimole.com\/cb:RIpd.55f7a\/w:532\/h:312\/q:mauto\/f:best\/https:\/\/www.goednoe.at\/wordpress\/wp-content\/uploads\/2026\/04\/Screenshot-2026-04-24-142645.png 532w, https:\/\/mlx6iuq9jbbn.i.optimole.com\/cb:RIpd.55f7a\/w:300\/h:176\/q:mauto\/f:best\/https:\/\/www.goednoe.at\/wordpress\/wp-content\/uploads\/2026\/04\/Screenshot-2026-04-24-142645.png 300w\" sizes=\"(max-width: 532px) 100vw, 532px\" \/><\/figure>\n<\/div>\n\n\n<figure class=\"wp-block-image size-full\"><img data-opt-id=642508293  fetchpriority=\"high\" decoding=\"async\" width=\"636\" height=\"793\" src=\"https:\/\/mlx6iuq9jbbn.i.optimole.com\/cb:RIpd.55f7a\/w:auto\/h:auto\/q:mauto\/f:best\/https:\/\/www.goednoe.at\/wordpress\/wp-content\/uploads\/2026\/04\/Screenshot-2026-04-24-143323.png\" alt=\"\" class=\"wp-image-2231\" srcset=\"https:\/\/mlx6iuq9jbbn.i.optimole.com\/cb:RIpd.55f7a\/w:636\/h:793\/q:mauto\/f:best\/https:\/\/www.goednoe.at\/wordpress\/wp-content\/uploads\/2026\/04\/Screenshot-2026-04-24-143323.png 636w, https:\/\/mlx6iuq9jbbn.i.optimole.com\/cb:RIpd.55f7a\/w:241\/h:300\/q:mauto\/f:best\/https:\/\/www.goednoe.at\/wordpress\/wp-content\/uploads\/2026\/04\/Screenshot-2026-04-24-143323.png 241w\" sizes=\"(max-width: 636px) 100vw, 636px\" \/><\/figure>\n\n\n\n<figure class=\"wp-block-image size-full\"><img data-opt-id=319414245  fetchpriority=\"high\" decoding=\"async\" width=\"636\" height=\"481\" src=\"https:\/\/mlx6iuq9jbbn.i.optimole.com\/cb:RIpd.55f7a\/w:auto\/h:auto\/q:mauto\/f:best\/https:\/\/www.goednoe.at\/wordpress\/wp-content\/uploads\/2026\/04\/Screenshot-2026-04-24-143337.png\" alt=\"\" class=\"wp-image-2232\" srcset=\"https:\/\/mlx6iuq9jbbn.i.optimole.com\/cb:RIpd.55f7a\/w:636\/h:481\/q:mauto\/f:best\/https:\/\/www.goednoe.at\/wordpress\/wp-content\/uploads\/2026\/04\/Screenshot-2026-04-24-143337.png 636w, https:\/\/mlx6iuq9jbbn.i.optimole.com\/cb:RIpd.55f7a\/w:300\/h:227\/q:mauto\/f:best\/https:\/\/www.goednoe.at\/wordpress\/wp-content\/uploads\/2026\/04\/Screenshot-2026-04-24-143337.png 300w\" sizes=\"(max-width: 636px) 100vw, 636px\" \/><\/figure>\n\n\n\n<p><\/p>\n","protected":false},"excerpt":{"rendered":"<p>Liebe Kollegin, lieber Kollege! Kollege Karlheinz Fiedler organisiert die 3. Wanderwoche im s\u00fcdlichen Waldviertel. Es sind noch ein paar Pl\u00e4tze frei.\u00a0N\u00e4here Infos im Anhang bzw bei Kollegen Fiedler. karlheinz.fiedler@goed.at GESUNDBLEIBEN DURCH BEWEGUNG: 3. Wanderwoche im s\u00fcdlichen Waldviertel Mo., 18. bis Freitag, 22. Mai 2026 Das s\u00fcdliche Waldviertel, und da ganz [&hellip;]<\/p>\n","protected":false},"author":1,"featured_media":2228,"comment_status":"closed","ping_status":"closed","sticky":false,"template":"","format":"standard","meta":{"footnotes":""},"categories":[1,17],"tags":[58],"class_list":["post-2224","post","type-post","status-publish","format-standard","has-post-thumbnail","hentry","category-allgemein","category-service","tag-reisen"],"_links":{"self":[{"href":"https:\/\/www.goednoe.at\/wordpress\/wp-json\/wp\/v2\/posts\/2224","targetHints":{"allow":["GET"]}}],"collection":[{"href":"https:\/\/www.goednoe.at\/wordpress\/wp-json\/wp\/v2\/posts"}],"about":[{"href":"https:\/\/www.goednoe.at\/wordpress\/wp-json\/wp\/v2\/types\/post"}],"author":[{"embeddable":true,"href":"https:\/\/www.goednoe.at\/wordpress\/wp-json\/wp\/v2\/users\/1"}],"replies":[{"embeddable":true,"href":"https:\/\/www.goednoe.at\/wordpress\/wp-json\/wp\/v2\/comments?post=2224"}],"version-history":[{"count":4,"href":"https:\/\/www.goednoe.at\/wordpress\/wp-json\/wp\/v2\/posts\/2224\/revisions"}],"predecessor-version":[{"id":2233,"href":"https:\/\/www.goednoe.at\/wordpress\/wp-json\/wp\/v2\/posts\/2224\/revisions\/2233"}],"wp:featuredmedia":[{"embeddable":true,"href":"https:\/\/www.goednoe.at\/wordpress\/wp-json\/wp\/v2\/media\/2228"}],"wp:attachment":[{"href":"https:\/\/www.goednoe.at\/wordpress\/wp-json\/wp\/v2\/media?parent=2224"}],"wp:term":[{"taxonomy":"category","embeddable":true,"href":"https:\/\/www.goednoe.at\/wordpress\/wp-json\/wp\/v2\/categories?post=2224"},{"taxonomy":"post_tag","embeddable":true,"href":"https:\/\/www.goednoe.at\/wordpress\/wp-json\/wp\/v2\/tags?post=2224"}],"curies":[{"name":"wp","href":"https:\/\/api.w.org\/{rel}","templated":true}]}}