{"id":2245,"date":"2026-04-30T12:32:58","date_gmt":"2026-04-30T10:32:58","guid":{"rendered":"https:\/\/www.goednoe.at\/wordpress\/?p=2245"},"modified":"2026-04-30T14:10:35","modified_gmt":"2026-04-30T12:10:35","slug":"19-bundestag-goed-bundesvertretung-pensionisten","status":"publish","type":"post","link":"https:\/\/www.goednoe.at\/wordpress\/19-bundestag-goed-bundesvertretung-pensionisten\/","title":{"rendered":"19. Bundestag G\u00d6D-Bundesvertretung Pensionisten"},"content":{"rendered":"\n<p><strong>Am 28. und 29. 04. 2026 fand in Wien der 19. Ordentliche Bundestag der G\u00d6D-Bundesvertretung Pensionisten statt.<\/strong><\/p>\n\n\n\n<p>Unter dem Motto <br><strong>Kaufkraft erhalten, Diskriminierung verhindern<\/strong> <br>wurden zahlreiche Antr\u00e4ge, nach <strong>ausgiebigen <\/strong>Diskusionen, beschlossen.<\/p>\n\n\n\n<p>Gru\u00dfworte wurden von<br>Abg.NR.Vors. Stellv. Mag. Romana Deckenbacher BEd<br>Vors. Stellv. Hannes Gruber<br>Vors. Stellv. Mag. Ursula Hafner<br>Vors. \u00d6GB-Pensioisten Monika Kemperle<br>sowie die Festrede vom Vors. der G\u00d6D Mag. Dr. Eckehard Quin gehalten.<\/p>\n\n\n\n<p>Zahlreiche Ehrungen wurden an verdienten Mitglieder:innen vorgenommen.<\/p>\n\n\n\n<figure class=\"wp-block-image size-large\"><img data-opt-id=68372975  fetchpriority=\"high\" decoding=\"async\" width=\"1024\" height=\"473\" src=\"https:\/\/mlx6iuq9jbbn.i.optimole.com\/cb:RIpd.55f7a\/w:1024\/h:473\/q:mauto\/f:best\/https:\/\/www.goednoe.at\/wordpress\/wp-content\/uploads\/2026\/04\/20260429_101355.jpg\" alt=\"\" class=\"wp-image-2249\" srcset=\"https:\/\/mlx6iuq9jbbn.i.optimole.com\/cb:RIpd.55f7a\/w:1024\/h:473\/q:mauto\/f:best\/https:\/\/www.goednoe.at\/wordpress\/wp-content\/uploads\/2026\/04\/20260429_101355.jpg 1024w, https:\/\/mlx6iuq9jbbn.i.optimole.com\/cb:RIpd.55f7a\/w:300\/h:139\/q:mauto\/f:best\/https:\/\/www.goednoe.at\/wordpress\/wp-content\/uploads\/2026\/04\/20260429_101355.jpg 300w, https:\/\/mlx6iuq9jbbn.i.optimole.com\/cb:RIpd.55f7a\/w:768\/h:355\/q:mauto\/f:best\/https:\/\/www.goednoe.at\/wordpress\/wp-content\/uploads\/2026\/04\/20260429_101355.jpg 768w, https:\/\/mlx6iuq9jbbn.i.optimole.com\/cb:RIpd.55f7a\/w:1536\/h:710\/q:mauto\/f:best\/https:\/\/www.goednoe.at\/wordpress\/wp-content\/uploads\/2026\/04\/20260429_101355.jpg 1536w, https:\/\/mlx6iuq9jbbn.i.optimole.com\/cb:RIpd.55f7a\/w:1920\/h:887\/q:mauto\/f:best\/https:\/\/www.goednoe.at\/wordpress\/wp-content\/uploads\/2026\/04\/20260429_101355.jpg 2000w\" sizes=\"(max-width: 750px) 100vw, 750px\" \/><\/figure>\n\n\n\n<p><\/p>\n\n\n\n<p>Nach einer kurzen Pause fanden die <strong>Wahlen f\u00fcr die einzelnen Gremien <\/strong>f\u00fcr die n\u00e4chsten 5 Jahre statt.<br>Als <strong>Vorsitzender <\/strong>wurde <strong>Johann B\u00fcchinger<\/strong> wiedergew\u00e4hlt.<br>Seine <strong>Stellvertreter <\/strong>sind: <strong>Antonia W\u00f6hrer und Karlheinz Fiedler, BED<\/strong><\/p>\n\n\n\n<figure class=\"wp-block-image size-large\"><img data-opt-id=1032542664  fetchpriority=\"high\" decoding=\"async\" width=\"1024\" height=\"473\" src=\"https:\/\/mlx6iuq9jbbn.i.optimole.com\/cb:RIpd.55f7a\/w:1024\/h:473\/q:mauto\/f:best\/https:\/\/www.goednoe.at\/wordpress\/wp-content\/uploads\/2026\/04\/20260429_122724.jpg\" alt=\"\" class=\"wp-image-2261\" srcset=\"https:\/\/mlx6iuq9jbbn.i.optimole.com\/cb:RIpd.55f7a\/w:1024\/h:473\/q:mauto\/f:best\/https:\/\/www.goednoe.at\/wordpress\/wp-content\/uploads\/2026\/04\/20260429_122724.jpg 1024w, https:\/\/mlx6iuq9jbbn.i.optimole.com\/cb:RIpd.55f7a\/w:300\/h:139\/q:mauto\/f:best\/https:\/\/www.goednoe.at\/wordpress\/wp-content\/uploads\/2026\/04\/20260429_122724.jpg 300w, https:\/\/mlx6iuq9jbbn.i.optimole.com\/cb:RIpd.55f7a\/w:768\/h:355\/q:mauto\/f:best\/https:\/\/www.goednoe.at\/wordpress\/wp-content\/uploads\/2026\/04\/20260429_122724.jpg 768w, https:\/\/mlx6iuq9jbbn.i.optimole.com\/cb:RIpd.55f7a\/w:1536\/h:710\/q:mauto\/f:best\/https:\/\/www.goednoe.at\/wordpress\/wp-content\/uploads\/2026\/04\/20260429_122724.jpg 1536w, https:\/\/mlx6iuq9jbbn.i.optimole.com\/cb:RIpd.55f7a\/w:1920\/h:887\/q:mauto\/f:best\/https:\/\/www.goednoe.at\/wordpress\/wp-content\/uploads\/2026\/04\/20260429_122724.jpg 2000w\" sizes=\"(max-width: 750px) 100vw, 750px\" \/><\/figure>\n\n\n\n<hr class=\"wp-block-separator has-alpha-channel-opacity\"\/>\n\n\n\n<p>Folgende <strong>Resolution <\/strong>wurde beschlossen:<\/p>\n\n\n\n<p class=\"has-text-align-center\">Resolution<\/p>\n\n\n\n<p class=\"has-text-align-left\">beschlossen am <br><strong>19. Bundestag der Pensionist:innen der Gewerkschaft \u00d6ffentlicher Dienst,<\/strong><br>gerichtet an <br>die \u00f6sterreichische Bundesregierung, die Mitglieder des Nationalrates, die neun<br>Landesregierungen, die Mitglieder der Landtage und das Pr\u00e4sidium des<br>Seniorenrates.<br>Der 19. Bundestag der Pensionist:innen der G\u00d6D fordert die volle und<br>ungeschm\u00e4lerte Abgeltung der Inflation f\u00fcr alle Pensionist:innen und<br>Ruhegenussbezieher:innen. Kaufkraftverluste d\u00fcrfen nicht durch eingeschr\u00e4nkte<br>oder gestaffelte Pensionsanpassungen auf die Betroffenen \u00fcberw\u00e4lzt werden.<br><br>Der Bundestag lehnt jede Form der Staffelung oder K\u00fcrzung bei der<br>Pensionsanpassung entschieden ab, da diese zu sozial ungerechtfertigten<br>Belastungen f\u00fchrt und dem Grundsatz einer fairen und gleichwertigen Anpassung<br>widerspricht.<br>Dar\u00fcber hinaus fordert der Bundestag eine klare und sachlich richtige Darstellung der Finanzierung \u00f6ffentlich-rechtlicher Pensionen, insbesondere vor dem Hintergrund, dass die Bediensteten des \u00f6ffentlichen Dienstes ihre Pensionsbeitr\u00e4ge in voller H\u00f6he geleistet haben.<br><br>Die wiederholt vorgebrachte Argumentation \u00fcber angeblich \u00fcberh\u00f6hte<br>\u201ePensionszusch\u00fcsse\u201c f\u00fcr \u00f6ffentlich Bedienstete weist der Bundestag entschieden<br>zur\u00fcck. Diese Zusch\u00fcsse sind nicht Ausdruck besonderer Beg\u00fcnstigungen, sondern resultieren daraus, dass die \u00f6ffentliche Hand \u00fcber Jahrzehnte keine<br>Arbeitgeberbeitr\u00e4ge in das Pensionssystem eingezahlt hat. Die daf\u00fcr erforderlichen Mittel werden daher heute aus dem laufenden Budget aufgebracht und stellen lediglich die Finanzierung jener Verpflichtungen sicher, die andernfalls durch laufende Arbeitgeberbeitr\u00e4ge bedeckt worden w\u00e4ren.<br><br>Der 19. Bundestag der Pensionist:innen der G\u00d6D fordert daher die politisch<br>Verantwortlichen auf, von Eingriffen in die gesetzliche Pensionsanpassung Abstand zu nehmen, die volle Inflationsabgeltung sicherzustellen und die Diskussion \u00fcber \u00f6ffentliche Pensionen auf Grundlage sachlicher und korrekter Fakten zu f\u00fchren.<\/p>\n\n\n\n<div data-wp-interactive=\"core\/file\" class=\"wp-block-file\"><object data-wp-bind--hidden=\"!state.hasPdfPreview\" hidden class=\"wp-block-file__embed\" data=\"https:\/\/www.goednoe.at\/wordpress\/wp-content\/uploads\/2026\/04\/Resolution_Pensionsgerechtigkeit_-_Kaufkraft_erhalten.pdf\" type=\"application\/pdf\" style=\"width:100%;height:600px\" aria-label=\"Einbettung von Resolution_Pensionsgerechtigkeit_-_Kaufkraft_erhalten.\"><\/object><a id=\"wp-block-file--media-29ac1cd7-2fa6-40a9-a1db-726ba1f5b147\" href=\"https:\/\/www.goednoe.at\/wordpress\/wp-content\/uploads\/2026\/04\/Resolution_Pensionsgerechtigkeit_-_Kaufkraft_erhalten.pdf\">Resolution_Pensionsgerechtigkeit_-_Kaufkraft_erhalten<\/a><a href=\"https:\/\/www.goednoe.at\/wordpress\/wp-content\/uploads\/2026\/04\/Resolution_Pensionsgerechtigkeit_-_Kaufkraft_erhalten.pdf\" class=\"wp-block-file__button wp-element-button\" download aria-describedby=\"wp-block-file--media-29ac1cd7-2fa6-40a9-a1db-726ba1f5b147\"><strong>Resolution <\/strong>Herunterladen<\/a><\/div>\n\n\n\n<p><\/p>\n","protected":false},"excerpt":{"rendered":"<p>Am 28. und 29. 04. 2026 fand in Wien der 19. Ordentliche Bundestag der G\u00d6D-Bundesvertretung Pensionisten statt. Unter dem Motto Kaufkraft erhalten, Diskriminierung verhindern wurden zahlreiche Antr\u00e4ge, nach ausgiebigen Diskusionen, beschlossen. Gru\u00dfworte wurden vonAbg.NR.Vors. Stellv. Mag. Romana Deckenbacher BEdVors. Stellv. Hannes GruberVors. Stellv. Mag. Ursula HafnerVors. \u00d6GB-Pensioisten Monika Kemperlesowie die [&hellip;]<\/p>\n","protected":false},"author":1,"featured_media":2252,"comment_status":"closed","ping_status":"closed","sticky":false,"template":"","format":"standard","meta":{"footnotes":""},"categories":[1,12,48],"tags":[37,35,63],"class_list":["post-2245","post","type-post","status-publish","format-standard","has-post-thumbnail","hentry","category-allgemein","category-news","category-publikationen","tag-infodienst","tag-pensionserhoehung","tag-wahl"],"_links":{"self":[{"href":"https:\/\/www.goednoe.at\/wordpress\/wp-json\/wp\/v2\/posts\/2245","targetHints":{"allow":["GET"]}}],"collection":[{"href":"https:\/\/www.goednoe.at\/wordpress\/wp-json\/wp\/v2\/posts"}],"about":[{"href":"https:\/\/www.goednoe.at\/wordpress\/wp-json\/wp\/v2\/types\/post"}],"author":[{"embeddable":true,"href":"https:\/\/www.goednoe.at\/wordpress\/wp-json\/wp\/v2\/users\/1"}],"replies":[{"embeddable":true,"href":"https:\/\/www.goednoe.at\/wordpress\/wp-json\/wp\/v2\/comments?post=2245"}],"version-history":[{"count":13,"href":"https:\/\/www.goednoe.at\/wordpress\/wp-json\/wp\/v2\/posts\/2245\/revisions"}],"predecessor-version":[{"id":2270,"href":"https:\/\/www.goednoe.at\/wordpress\/wp-json\/wp\/v2\/posts\/2245\/revisions\/2270"}],"wp:featuredmedia":[{"embeddable":true,"href":"https:\/\/www.goednoe.at\/wordpress\/wp-json\/wp\/v2\/media\/2252"}],"wp:attachment":[{"href":"https:\/\/www.goednoe.at\/wordpress\/wp-json\/wp\/v2\/media?parent=2245"}],"wp:term":[{"taxonomy":"category","embeddable":true,"href":"https:\/\/www.goednoe.at\/wordpress\/wp-json\/wp\/v2\/categories?post=2245"},{"taxonomy":"post_tag","embeddable":true,"href":"https:\/\/www.goednoe.at\/wordpress\/wp-json\/wp\/v2\/tags?post=2245"}],"curies":[{"name":"wp","href":"https:\/\/api.w.org\/{rel}","templated":true}]}}