{"id":2433,"date":"2026-07-18T12:42:03","date_gmt":"2026-07-18T10:42:03","guid":{"rendered":"https:\/\/www.goednoe.at\/wordpress\/?p=2433"},"modified":"2026-07-18T12:42:05","modified_gmt":"2026-07-18T10:42:05","slug":"noe-landesausstellung-2026","status":"publish","type":"post","link":"https:\/\/www.goednoe.at\/wordpress\/noe-landesausstellung-2026\/","title":{"rendered":"N\u00d6-Landesausstellung 2026"},"content":{"rendered":"\n<h2 class=\"wp-block-heading\">Landesausstellung 2026 &#8211; &#8222;Wenn die Welt Kopf steht. Mensch. Psyche. Gesundheit.&#8220;<\/h2>\n\n\n\n<p class=\"wp-block-paragraph\">Die Nieder\u00f6sterreichische Landesausstellung 2026 findet in Amstetten-Mauer mit 31 Gemeinden in der Leader-Region Moststra\u00dfe statt. Der Titel der Landesausstellung 2026 lautet \u201eWenn die Welt Kopf steht. Mensch. Psyche. Gesundheit.\u201c<\/p>\n\n\n\n<p class=\"wp-block-paragraph\">Die Auswahl des Landesklinikums Mauer als Standort der N\u00d6LA 2026 r\u00fcckt einen Ort, der seit 120 Jahren als Synonym f\u00fcr die Behandlung seelischer Leiden in Nieder\u00f6sterreich steht, in den Mittelpunkt der Landesschau und gibt gleichzeitig deren Themenstellung vor. Die Landesschau im Landesklinikum mit seiner bis heute au\u00dfergew\u00f6hnlichen Jugendstil-Architektur und besonderen Geschichte, nimmt den gesellschaftlichen Umgang mit psychischen Erkrankungen zum Ausgangspunkt ihrer Betrachtungen.&nbsp;&nbsp;<\/p>\n\n\n\n<p class=\"wp-block-paragraph\">Die medizinische Pflege und der gesellschaftliche Umgang haben sich im Laufe der letzten 500 Jahre stark gewandelt. Die Ausstellung wird den Menschen und seine Gesundheit in den Mittelpunkt stellen und zeigen, wie der Umgang mit psychisch erkrankten Personen in der Vergangenheit war, der sich durch neue Erkenntnisse und Therapieformen bis in die Gegenwart stark gewandelt hat. Im Laufe der letzten Jahrhunderte haben Wissenschaft und Bildung einen immer gr\u00f6\u00dferen Stellenwert bekommen \u2013 nicht zuletzt seit der Aufkl\u00e4rung.&nbsp;<\/p>\n\n\n\n<p class=\"wp-block-paragraph\">Die Ausstellung wird auch einen kritischen Blick auf die dunklen Kapitel in der Geschichte des Standorts w\u00e4hrend des NS-Regimes werfen: In der damaligen \u201eHeil- und Pflegeanstalt\u201c fielen zahlreiche Patientinnen und Patienten der systematischen Ermordung im Zuge der \u201eNS-Euthanasie\u201c zum Opfer. Neueste Forschungsergebnisse des Instituts f\u00fcr die j\u00fcdische Geschichte \u00d6sterreichs k\u00f6nnen dazu in der Ausstellung Eingang finden.<\/p>\n\n\n\n<p class=\"wp-block-paragraph\">Die Besch\u00e4ftigung mit dem Standort und dem Thema soll einen wichtigen Beitrag zur Enttabuisierung von psychischen Erkrankungen sowie zur Entstigmatisierung von Betroffenen und Angeh\u00f6rigen leisten, eine Erinnerungskultur schaffen und auch das Mostviertel als Gesundheitsregion mit vielf\u00e4ltigen (kultur)touristischen Angeboten etablieren.&nbsp;<\/p>\n\n\n\n<p class=\"wp-block-paragraph\">Welche Bedeutung werden Menschenbilder f\u00fcr die Zukunft unserer Gesellschaft haben?&nbsp;&nbsp;<\/p>\n\n\n\n<p class=\"wp-block-paragraph\">Die N\u00d6 Landesausstellung 2026 in Amstetten-Mauer widmet sich einer ganzheitlichen Betrachtung von Gesundheit, bei der physisches und psychisches Wohlbefinden eng miteinander in Beziehung stehen. Sie ist das Regionalentwicklungsprojekt des Landes Nieder\u00f6sterreich und kann mit ihrer Plattform langfristig wichtige Impulse setzen.<\/p>\n","protected":false},"excerpt":{"rendered":"<p>Landesausstellung 2026 &#8211; &#8222;Wenn die Welt Kopf steht. Mensch. Psyche. Gesundheit.&#8220; Die Nieder\u00f6sterreichische Landesausstellung 2026 findet in Amstetten-Mauer mit 31 Gemeinden in der Leader-Region Moststra\u00dfe statt. Der Titel der Landesausstellung 2026 lautet \u201eWenn die Welt Kopf steht. Mensch. Psyche. Gesundheit.\u201c Die Auswahl des Landesklinikums Mauer als Standort der N\u00d6LA 2026 [&hellip;]<\/p>\n","protected":false},"author":1,"featured_media":2435,"comment_status":"closed","ping_status":"open","sticky":false,"template":"","format":"standard","meta":{"footnotes":""},"categories":[1,17],"tags":[],"class_list":["post-2433","post","type-post","status-publish","format-standard","has-post-thumbnail","hentry","category-allgemein","category-service"],"_links":{"self":[{"href":"https:\/\/www.goednoe.at\/wordpress\/wp-json\/wp\/v2\/posts\/2433","targetHints":{"allow":["GET"]}}],"collection":[{"href":"https:\/\/www.goednoe.at\/wordpress\/wp-json\/wp\/v2\/posts"}],"about":[{"href":"https:\/\/www.goednoe.at\/wordpress\/wp-json\/wp\/v2\/types\/post"}],"author":[{"embeddable":true,"href":"https:\/\/www.goednoe.at\/wordpress\/wp-json\/wp\/v2\/users\/1"}],"replies":[{"embeddable":true,"href":"https:\/\/www.goednoe.at\/wordpress\/wp-json\/wp\/v2\/comments?post=2433"}],"version-history":[{"count":1,"href":"https:\/\/www.goednoe.at\/wordpress\/wp-json\/wp\/v2\/posts\/2433\/revisions"}],"predecessor-version":[{"id":2434,"href":"https:\/\/www.goednoe.at\/wordpress\/wp-json\/wp\/v2\/posts\/2433\/revisions\/2434"}],"wp:featuredmedia":[{"embeddable":true,"href":"https:\/\/www.goednoe.at\/wordpress\/wp-json\/wp\/v2\/media\/2435"}],"wp:attachment":[{"href":"https:\/\/www.goednoe.at\/wordpress\/wp-json\/wp\/v2\/media?parent=2433"}],"wp:term":[{"taxonomy":"category","embeddable":true,"href":"https:\/\/www.goednoe.at\/wordpress\/wp-json\/wp\/v2\/categories?post=2433"},{"taxonomy":"post_tag","embeddable":true,"href":"https:\/\/www.goednoe.at\/wordpress\/wp-json\/wp\/v2\/tags?post=2433"}],"curies":[{"name":"wp","href":"https:\/\/api.w.org\/{rel}","templated":true}]}}