{"id":2441,"date":"2026-08-03T12:42:23","date_gmt":"2026-08-03T10:42:23","guid":{"rendered":"https:\/\/www.goednoe.at\/wordpress\/?p=2441"},"modified":"2026-08-03T12:42:24","modified_gmt":"2026-08-03T10:42:24","slug":"pensionsanpassung-2019-laut-bvwg-mittelbar-diskriminierend-aufgrund-des-geschlechts","status":"publish","type":"post","link":"https:\/\/www.goednoe.at\/wordpress\/pensionsanpassung-2019-laut-bvwg-mittelbar-diskriminierend-aufgrund-des-geschlechts\/","title":{"rendered":"Pensionsanpassung 2019 laut BVwG mittelbar diskriminierend aufgrund des Geschlechts"},"content":{"rendered":"\n<p class=\"wp-block-paragraph\">Sehr geehrte Frau Kollegin, sehr geehrter Herr Kollege!<br><br>Mit Erkenntnis des Bundesverwaltungsgerichts (BVwG) vom 27. Mai 2026 wurde in einem mit gewerkschaftlichem Rechtsschutz gef\u00fchrten Verfahren ausgesprochen, dass Teile der Regelungen \u00fcber die sozial gestaffelte Pensionsanpassung 2019 gegen das unionsrechtliche Gleichbehandlungsgebot versto\u00dfen, weil sie eine mittelbare Diskriminierung aufgrund des Geschlechts bewirken. Das BVwG gelangte daher im Anlassfall zum Ergebnis, dass dem Beschwerdef\u00fchrer eine h\u00f6here Pension zustand.&nbsp;<\/p>\n\n\n\n<p class=\"wp-block-paragraph\"><strong>Ob diese Rechtsauffassung auch h\u00f6chstgerichtlich best\u00e4tigt wird und welche Auswirkungen sich daraus auf weitere sozial gestaffelte Pensionsanpassungen ergeben, ist derzeit noch offen.&nbsp;<\/strong><\/p>\n\n\n\n<p class=\"wp-block-paragraph\">Eine unionsrechtswidrig zu niedrig bemessene Pensionsanpassung wirkt sich auch auf die H\u00f6he der nachfolgenden Pensionsanpassungen aus, da jede Pensionsanpassung auf der zuletzt geb\u00fchrenden Pension aufbaut. Dar\u00fcber hinaus ist derzeit noch offen, ob die vom BVwG entwickelten unionsrechtlichen Erw\u00e4gungen auch auf einzelne Regelungen weiterer Anpassungsjahre zu \u00fcbertragen sind.&nbsp;<\/p>\n\n\n\n<p class=\"wp-block-paragraph\">Da allf\u00e4llige Anspr\u00fcche auf h\u00f6here Pensionsleistungen der dreij\u00e4hrigen Verj\u00e4hrungsfrist unterliegen, <strong>empfiehlt die G\u00d6D aus rechtlicher Vorsicht die vorsorgliche Stellung eines Antrags zur Wahrung allf\u00e4lliger Anspr\u00fcche<\/strong>. Ein Musterantrag ist diesem Informationsschreiben angeh\u00e4ngt.&nbsp;<\/p>\n\n\n\n<p class=\"wp-block-paragraph\"><strong><u>Wer sollte vorsorglich einen Antrag stellen?&nbsp;<\/u><\/strong><\/p>\n\n\n\n<p class=\"wp-block-paragraph\">Nach dem Erkenntnis des BVwG sind jedenfalls jene Regelungen der Pensionsanpassung 2019 betroffen, wonach Pensionen von \u00fcber \u20ac 1.500,00 bis \u20ac 3.402,00 um 2 % und Pensionen von \u00fcber \u20ac 3.402,00 um einen Fixbetrag von \u20ac 68,00 angepasst wurden. Personen, deren Pension 2019 nach diesen Bestimmungen angepasst wurde, sollten daher jedenfalls vorsorglich einen Antrag stellen.&nbsp;<\/p>\n\n\n\n<p class=\"wp-block-paragraph\">Da derzeit jedoch noch nicht gekl\u00e4rt ist, ob die unionsrechtlichen Erw\u00e4gungen des BVwG auch auf sozial gestaffelte Pensionsanpassungen anderer Jahre \u00fcbertragbar sind und sich eine Betroffenheit nicht verl\u00e4sslich nach der Pensionsh\u00f6he abgrenzen l\u00e4sst, empfiehlt die G\u00d6D aus rechtlicher Vorsicht die Antragstellung allen bis einschlie\u00dflich 2025 in den Ruhestand getretenen Ruhestandsbeamtinnen und Ruhestandsbeamten.&nbsp;<\/p>\n\n\n\n<p class=\"wp-block-paragraph\"><strong>Was bewirkt der Antrag?&nbsp;<\/strong><\/p>\n\n\n\n<p class=\"wp-block-paragraph\">Mit diesem Antrag wird die pensionsauszahlende Stelle aufgefordert, \u00fcber die auf Ihren Ruhebezug \/ Ihre Gesamtpension angewendeten sozial gestaffelten Pensionsanpassungen bescheidm\u00e4\u00dfig abzusprechen und den Ruhebezug \/ die Gesamtpension gegebenenfalls neu festzusetzen sowie die sich daraus ergebenden r\u00fcckst\u00e4ndigen Leistungen nachzuzahlen.&nbsp;<\/p>\n\n\n\n<p class=\"wp-block-paragraph\">Der Antrag dient ausschlie\u00dflich der Wahrung allf\u00e4lliger Anspr\u00fcche. Ob und in welchem Umfang tats\u00e4chlich ein Anspruch auf eine h\u00f6here Pension besteht, wird durch die Antragstellung nicht vorweggenommen. Dar\u00fcber wird erst nach der endg\u00fcltigen Kl\u00e4rung der ma\u00dfgeblichen Rechtsfragen zu entscheiden sein. &nbsp; &nbsp; &nbsp; &nbsp; &nbsp; &nbsp; &nbsp; &nbsp; &nbsp; &nbsp; &nbsp; &nbsp; &nbsp; &nbsp; &nbsp; &nbsp; &nbsp; &nbsp; &nbsp; &nbsp; &nbsp; &nbsp; &nbsp; &nbsp; &nbsp; &nbsp; &nbsp; &nbsp; &nbsp; &nbsp; &nbsp; &nbsp; &nbsp;&nbsp;<br>&nbsp;<\/p>\n\n\n\n<figure class=\"wp-block-table\"><table class=\"has-fixed-layout\"><tbody><tr><td>Daniela Rauchwarter, MA, e.h. &nbsp;<br>Vorsitzender-Stellvertreterin&nbsp;<br>Bereichsleiterin Besoldung&nbsp;<\/td><td>Maga. Veronika H\u00f6fenstock, e.h.<br>Pr\u00e4sidiumsmitglied<br>Bereichsleiterin Dienstrecht&nbsp;<\/td><\/tr><\/tbody><\/table><\/figure>\n\n\n\n<p class=\"wp-block-paragraph\">Musterantrag und G\u00d6D-Info zum Download auf der Hauptseite der G\u00d6D <br><a href=\"https:\/\/www.goed.at\/aktuelles\/news\/goed-info-pensionsanpassung-2019-laut-bvwg-mittelbar-disk\" target=\"_blank\" rel=\"noreferrer noopener nofollow\">hier klicken<\/a><\/p>\n\n\n\n<p class=\"wp-block-paragraph\"><\/p>\n","protected":false},"excerpt":{"rendered":"<p>Sehr geehrte Frau Kollegin, sehr geehrter Herr Kollege! Mit Erkenntnis des Bundesverwaltungsgerichts (BVwG) vom 27. Mai 2026 wurde in einem mit gewerkschaftlichem Rechtsschutz gef\u00fchrten Verfahren ausgesprochen, dass Teile der Regelungen \u00fcber die sozial gestaffelte Pensionsanpassung 2019 gegen das unionsrechtliche Gleichbehandlungsgebot versto\u00dfen, weil sie eine mittelbare Diskriminierung aufgrund des Geschlechts bewirken. [&hellip;]<\/p>\n","protected":false},"author":1,"featured_media":2443,"comment_status":"closed","ping_status":"open","sticky":false,"template":"","format":"standard","meta":{"footnotes":""},"categories":[1,17],"tags":[44,68,21],"class_list":["post-2441","post","type-post","status-publish","format-standard","has-post-thumbnail","hentry","category-allgemein","category-service","tag-pension","tag-pensionsanpassung","tag-service"],"_links":{"self":[{"href":"https:\/\/www.goednoe.at\/wordpress\/wp-json\/wp\/v2\/posts\/2441","targetHints":{"allow":["GET"]}}],"collection":[{"href":"https:\/\/www.goednoe.at\/wordpress\/wp-json\/wp\/v2\/posts"}],"about":[{"href":"https:\/\/www.goednoe.at\/wordpress\/wp-json\/wp\/v2\/types\/post"}],"author":[{"embeddable":true,"href":"https:\/\/www.goednoe.at\/wordpress\/wp-json\/wp\/v2\/users\/1"}],"replies":[{"embeddable":true,"href":"https:\/\/www.goednoe.at\/wordpress\/wp-json\/wp\/v2\/comments?post=2441"}],"version-history":[{"count":2,"href":"https:\/\/www.goednoe.at\/wordpress\/wp-json\/wp\/v2\/posts\/2441\/revisions"}],"predecessor-version":[{"id":2444,"href":"https:\/\/www.goednoe.at\/wordpress\/wp-json\/wp\/v2\/posts\/2441\/revisions\/2444"}],"wp:featuredmedia":[{"embeddable":true,"href":"https:\/\/www.goednoe.at\/wordpress\/wp-json\/wp\/v2\/media\/2443"}],"wp:attachment":[{"href":"https:\/\/www.goednoe.at\/wordpress\/wp-json\/wp\/v2\/media?parent=2441"}],"wp:term":[{"taxonomy":"category","embeddable":true,"href":"https:\/\/www.goednoe.at\/wordpress\/wp-json\/wp\/v2\/categories?post=2441"},{"taxonomy":"post_tag","embeddable":true,"href":"https:\/\/www.goednoe.at\/wordpress\/wp-json\/wp\/v2\/tags?post=2441"}],"curies":[{"name":"wp","href":"https:\/\/api.w.org\/{rel}","templated":true}]}}